{"id":186,"date":"2020-05-21T14:09:10","date_gmt":"2020-05-21T12:09:10","guid":{"rendered":"http:\/\/guillaumederubrouck.fr\/?p=186"},"modified":"2020-05-21T14:09:10","modified_gmt":"2020-05-21T12:09:10","slug":"reouverture-du-musee","status":"publish","type":"post","link":"https:\/\/guillaumederubrouck.fr\/index.php\/2020\/05\/21\/reouverture-du-musee\/","title":{"rendered":"REOUVERTURE DU MUSEE"},"content":{"rendered":"\n<p>A partir du samedi 6 juin 2020 <\/p>\n\n\n\n<p><strong>Port du masque obligatoire<\/strong> <\/p>\n\n\n\n<p>Effectif de 7 personnes maximum. Uniquement sur r\u00e9servation ou appel t\u00e9l\u00e9phonique.<\/p>\n\n\n\n<p>Contacts : 06 40 08 66 07 \/06 84 68 09 81<\/p>\n","protected":false},"excerpt":{"rendered":"<p>A partir du samedi 6 juin 2020 Port du masque obligatoire Effectif de 7 personnes maximum. Uniquement sur r\u00e9servation ou appel t\u00e9l\u00e9phonique. Contacts : 06 40 08 66 07 \/06 84 68 09 81<\/p>\n","protected":false},"author":1,"featured_media":0,"comment_status":"closed","ping_status":"closed","sticky":false,"template":"","format":"standard","meta":{"footnotes":""},"categories":[1],"tags":[],"_links":{"self":[{"href":"https:\/\/guillaumederubrouck.fr\/index.php\/wp-json\/wp\/v2\/posts\/186"}],"collection":[{"href":"https:\/\/guillaumederubrouck.fr\/index.php\/wp-json\/wp\/v2\/posts"}],"about":[{"href":"https:\/\/guillaumederubrouck.fr\/index.php\/wp-json\/wp\/v2\/types\/post"}],"author":[{"embeddable":true,"href":"https:\/\/guillaumederubrouck.fr\/index.php\/wp-json\/wp\/v2\/users\/1"}],"replies":[{"embeddable":true,"href":"https:\/\/guillaumederubrouck.fr\/index.php\/wp-json\/wp\/v2\/comments?post=186"}],"version-history":[{"count":1,"href":"https:\/\/guillaumederubrouck.fr\/index.php\/wp-json\/wp\/v2\/posts\/186\/revisions"}],"predecessor-version":[{"id":187,"href":"https:\/\/guillaumederubrouck.fr\/index.php\/wp-json\/wp\/v2\/posts\/186\/revisions\/187"}],"wp:attachment":[{"href":"https:\/\/guillaumederubrouck.fr\/index.php\/wp-json\/wp\/v2\/media?parent=186"}],"wp:term":[{"taxonomy":"category","embeddable":true,"href":"https:\/\/guillaumederubrouck.fr\/index.php\/wp-json\/wp\/v2\/categories?post=186"},{"taxonomy":"post_tag","embeddable":true,"href":"https:\/\/guillaumederubrouck.fr\/index.php\/wp-json\/wp\/v2\/tags?post=186"}],"curies":[{"name":"wp","href":"https:\/\/api.w.org\/{rel}","templated":true}]}}