{"id":254,"date":"2023-08-30T16:05:14","date_gmt":"2023-08-30T14:05:14","guid":{"rendered":"http:\/\/guillaumederubrouck.fr\/?p=254"},"modified":"2023-08-31T11:44:53","modified_gmt":"2023-08-31T09:44:53","slug":"journees-europeennes-du-patrimoine","status":"publish","type":"post","link":"https:\/\/guillaumederubrouck.fr\/index.php\/2023\/08\/30\/journees-europeennes-du-patrimoine\/","title":{"rendered":"JOURNEES EUROPEENNES DU PATRIMOINE"},"content":{"rendered":"\n<p>lE SAMEDI 16 ET DIMANCHE 17 SEPTEMBRE 2023<\/p>\n\n\n\n<p><strong><u>EXPOSITION DE PEINTURES <\/u>&#8211; EGLISE SAINT-SYLVESTRE&nbsp; &#8211; RUBROUCK&nbsp; :<br>Le samedi 16 septembre de 14 h 00 \u00e0 17 h00<br>Le dimanche 17 septembre de 10h00 \u00e0 12 h00 et de 14h00 \u00e0 17 h00<br>Contact : 06 84 68 09 81<\/strong><\/p>\n\n\n\n<p><strong><u>PROJECTION COURT-METRAGE <\/u>&#8211; Samedi 16 septembre &#8211; 16 h 00 &#8211; Salle \u00e0 Nost\u00e9 Keer &#8211; Place du Jeu de Paume &#8211; Rubrouck &#8211; Le th\u00e8me : Voyage de Guillaume de Rubrouck<br>Contact : 06 40 08 66 07<br><br>Texte de pr\u00e9sentation :<\/strong><\/p>\n\n\n\n<p><strong>Le court-m\u00e9trage <\/strong><strong><em>Les Voyages de Guillaume de Rubrouck<\/em><\/strong><strong> met en sc\u00e8ne l\u2019incroyable odyss\u00e9e entreprise en 1251 par le fr\u00e8re franciscain Guillaume vers les contr\u00e9es lointaines de l\u2019Empire Mongol. Accompagn\u00e9 de Barth\u00e9l\u00e9my et de son \u00e2ne Momo, ils parcoururent pr\u00e8s de seize mille kilom\u00e8tres en sandale et robe de bure dans l\u2019espoir de rencontrer le petit-fils de Genghis Khan et restaurer la paix sur l\u2019Europe occidentale.<\/strong> <strong>Inspir\u00e9 du v\u00e9ritable voyage de Guillaume de Rubrouck, le film est une balade entre territoires r\u00e9els et fantasm\u00e9s. Il met en sc\u00e8ne les traditions flamandes et retrace les origines des rites d\u2019aujourd\u2019hui. C\u2019est une ode \u00e0 la beaut\u00e9 des paysages <\/strong><strong>de notre r\u00e9gion<\/strong><strong> et une incitation au voyage et \u00e0 la rencontre.<\/strong><\/p>\n\n\n\n<p><strong><em>Les Voyages de Guillaume de Rubrouck<\/em><\/strong><strong>, r\u00e9alisation Rapha\u00ebl Royer, production \u00c9tienne Dahu \/ Pictanovo, dur\u00e9e 28 minutes, tout public.<\/strong><\/p>\n\n\n\n<p><strong><u>Mus\u00e9e Guillaume de Rubrouck <\/u>&#8211; ouvert \u00e0 partir de 14 h 00 &#8211; Dimanche 17 septembre 2023<br>Visite guid\u00e9e \u00e0 15 h 00<br>Contact : 06 40 08 66 07<\/strong><\/p>\n\n\n\n<p><strong>Entr\u00e9e gratuite<\/strong><\/p>\n\n\n\n<p>Attention deux num\u00e9ros de t\u00e9l\u00e9phone diff\u00e9rents<\/p>\n\n\n\n<p><\/p>\n","protected":false},"excerpt":{"rendered":"<p>lE SAMEDI 16 ET DIMANCHE 17 SEPTEMBRE 2023 EXPOSITION DE PEINTURES &#8211; EGLISE SAINT-SYLVESTRE&nbsp; &#8211; RUBROUCK&nbsp; :Le samedi 16 septembre de 14 h 00 \u00e0 17 h00Le dimanche 17 septembre de 10h00 \u00e0 12 h00 et de 14h00 \u00e0 17 h00Contact : 06 84 68 09 81 PROJECTION COURT-METRAGE &#8211; Samedi 16 septembre &#8211; 16 [&hellip;]<\/p>\n","protected":false},"author":1,"featured_media":0,"comment_status":"closed","ping_status":"closed","sticky":false,"template":"","format":"standard","meta":{"footnotes":""},"categories":[1],"tags":[],"_links":{"self":[{"href":"https:\/\/guillaumederubrouck.fr\/index.php\/wp-json\/wp\/v2\/posts\/254"}],"collection":[{"href":"https:\/\/guillaumederubrouck.fr\/index.php\/wp-json\/wp\/v2\/posts"}],"about":[{"href":"https:\/\/guillaumederubrouck.fr\/index.php\/wp-json\/wp\/v2\/types\/post"}],"author":[{"embeddable":true,"href":"https:\/\/guillaumederubrouck.fr\/index.php\/wp-json\/wp\/v2\/users\/1"}],"replies":[{"embeddable":true,"href":"https:\/\/guillaumederubrouck.fr\/index.php\/wp-json\/wp\/v2\/comments?post=254"}],"version-history":[{"count":3,"href":"https:\/\/guillaumederubrouck.fr\/index.php\/wp-json\/wp\/v2\/posts\/254\/revisions"}],"predecessor-version":[{"id":257,"href":"https:\/\/guillaumederubrouck.fr\/index.php\/wp-json\/wp\/v2\/posts\/254\/revisions\/257"}],"wp:attachment":[{"href":"https:\/\/guillaumederubrouck.fr\/index.php\/wp-json\/wp\/v2\/media?parent=254"}],"wp:term":[{"taxonomy":"category","embeddable":true,"href":"https:\/\/guillaumederubrouck.fr\/index.php\/wp-json\/wp\/v2\/categories?post=254"},{"taxonomy":"post_tag","embeddable":true,"href":"https:\/\/guillaumederubrouck.fr\/index.php\/wp-json\/wp\/v2\/tags?post=254"}],"curies":[{"name":"wp","href":"https:\/\/api.w.org\/{rel}","templated":true}]}}