{"id":286,"date":"2026-01-24T14:46:44","date_gmt":"2026-01-24T13:46:44","guid":{"rendered":"https:\/\/guillaumederubrouck.fr\/?p=286"},"modified":"2026-01-24T14:46:44","modified_gmt":"2026-01-24T13:46:44","slug":"nouveau-bureau-pour-l-association","status":"publish","type":"post","link":"https:\/\/guillaumederubrouck.fr\/index.php\/2026\/01\/24\/nouveau-bureau-pour-l-association\/","title":{"rendered":"NOUVEAU BUREAU POUR L&rsquo; ASSOCIATION"},"content":{"rendered":"\n<p>L&rsquo;association a connu une p\u00e9riode difficile en  fin d&rsquo;ann\u00e9e suite \u00e0 la disparition de deux membres :<\/p>\n\n\n\n<p>Michel Deschodt en septembre et le secr\u00e9taire Antoine Cwynar le 24 d\u00e9cembre. Ces d\u00e9c\u00e8s ont provoqu\u00e9 un choc parmi les adh\u00e9rents.<\/p>\n\n\n\n<p>Le samedi 17 janvier s&rsquo;est d\u00e9roul\u00e9e l&rsquo;assembl\u00e9e g\u00e9n\u00e9rale. De nouveaux membres ont int\u00e9gr\u00e9 le conseil d&rsquo;administration. Le bureau se compose donc ainsi :<\/p>\n\n\n\n<p>Bayarsaikhran Erdenekhuyag &#8211; Vice-pr\u00e9sient<\/p>\n\n\n\n<p>Beck Constance, Secr\u00e9taire<\/p>\n\n\n\n<p>Gobillot Chantal, Pr\u00e9sidente<\/p>\n\n\n\n<p>Lanfranchi Myriam, tr\u00e9sori\u00e8re-adjointe<\/p>\n\n\n\n<p>R\u00e9veillon Thomas, tr\u00e9sorier<\/p>\n\n\n\n<p>Tulgaa Altanstestesg<\/p>\n\n\n\n<p>Verkindt Pascale<\/p>\n\n\n\n<p>Nous n&rsquo;oublierons jamais nos deux amis mais l&rsquo;association doit continuer car l&rsquo;histoire de ce jumelage relate un fait historique unique.<\/p>\n\n\n\n<p><strong>EN AUCUN CAS L&rsquo;ASSOCIATION N&rsquo;A CESSER DE FONCTIONNER<\/strong>. Cependant en raison de la situation particuli\u00e8re  les visites se font uniquement sur r\u00e9servation au 06 40 08 06 67 ou par mail :<\/p>\n\n\n\n<p>guillaumederubrouck@orange.fr<\/p>\n\n\n\n<p>Dans la culture mongole lorsqu&rsquo;il y a un d\u00e9c\u00e8s, les f\u00eates sont annul\u00e9es. Raison pour laquelle, les animations sont suspendues sauf peut-\u00eatre une en avril.<\/p>\n\n\n\n<p>Chantal Gobillot<\/p>\n","protected":false},"excerpt":{"rendered":"<p>L&rsquo;association a connu une p\u00e9riode difficile en fin d&rsquo;ann\u00e9e suite \u00e0 la disparition de deux membres : Michel Deschodt en septembre et le secr\u00e9taire Antoine Cwynar le 24 d\u00e9cembre. Ces d\u00e9c\u00e8s ont provoqu\u00e9 un choc parmi les adh\u00e9rents. Le samedi 17 janvier s&rsquo;est d\u00e9roul\u00e9e l&rsquo;assembl\u00e9e g\u00e9n\u00e9rale. De nouveaux membres ont int\u00e9gr\u00e9 le conseil d&rsquo;administration. Le [&hellip;]<\/p>\n","protected":false},"author":1,"featured_media":0,"comment_status":"closed","ping_status":"closed","sticky":false,"template":"","format":"standard","meta":{"footnotes":""},"categories":[1],"tags":[],"_links":{"self":[{"href":"https:\/\/guillaumederubrouck.fr\/index.php\/wp-json\/wp\/v2\/posts\/286"}],"collection":[{"href":"https:\/\/guillaumederubrouck.fr\/index.php\/wp-json\/wp\/v2\/posts"}],"about":[{"href":"https:\/\/guillaumederubrouck.fr\/index.php\/wp-json\/wp\/v2\/types\/post"}],"author":[{"embeddable":true,"href":"https:\/\/guillaumederubrouck.fr\/index.php\/wp-json\/wp\/v2\/users\/1"}],"replies":[{"embeddable":true,"href":"https:\/\/guillaumederubrouck.fr\/index.php\/wp-json\/wp\/v2\/comments?post=286"}],"version-history":[{"count":1,"href":"https:\/\/guillaumederubrouck.fr\/index.php\/wp-json\/wp\/v2\/posts\/286\/revisions"}],"predecessor-version":[{"id":287,"href":"https:\/\/guillaumederubrouck.fr\/index.php\/wp-json\/wp\/v2\/posts\/286\/revisions\/287"}],"wp:attachment":[{"href":"https:\/\/guillaumederubrouck.fr\/index.php\/wp-json\/wp\/v2\/media?parent=286"}],"wp:term":[{"taxonomy":"category","embeddable":true,"href":"https:\/\/guillaumederubrouck.fr\/index.php\/wp-json\/wp\/v2\/categories?post=286"},{"taxonomy":"post_tag","embeddable":true,"href":"https:\/\/guillaumederubrouck.fr\/index.php\/wp-json\/wp\/v2\/tags?post=286"}],"curies":[{"name":"wp","href":"https:\/\/api.w.org\/{rel}","templated":true}]}}