{"id":294,"date":"2026-09-02T14:42:25","date_gmt":"2026-09-02T12:42:25","guid":{"rendered":"https:\/\/guillaumederubrouck.fr\/?p=294"},"modified":"2026-09-02T14:42:25","modified_gmt":"2026-09-02T12:42:25","slug":"journees-europeennes-du-patrimoine-2","status":"publish","type":"post","link":"https:\/\/guillaumederubrouck.fr\/index.php\/2026\/09\/02\/journees-europeennes-du-patrimoine-2\/","title":{"rendered":"JOURNEES EUROPEENNES DU PATRIMOINE"},"content":{"rendered":"\n<p><strong>Dimanche 20 septembre 2026<\/strong><\/p>\n\n\n\n<p><strong>14 H OO : <\/strong>Conf\u00e9rence par Pierre Bontoux \u00ab\u00a0De la tulipe \u00e0 la pomme de terre\u00a0\u00bb de Charles de l&rsquo;Ecluse.<\/p>\n\n\n\n<p>Charles de l&rsquo;Ecluse a \u00e9t\u00e9 le plus grand botaniste du XVI i\u00e8me si\u00e8cle. Il a notamment \u00e9tudi\u00e9 et diffus\u00e9 la tulipe en Europe ainsi que la pomme de terre avant Parmentier.<\/p>\n\n\n\n<p>Charles de l&rsquo;Ecluse n\u00e9 le 19 f\u00e9vrier 1526 \u00e0 Arras, mort \u00e0 Leyde aux Pays Bas.<\/p>\n\n\n\n<p>Pierre Bontoux pr\u00e9sentera \u00e9galement son livre consacr\u00e9 \u00e0 ce botaniste.<\/p>\n\n\n\n<p>Lieu de la conf\u00e9rence : salle A Nost\u00e9 Keer, place du Jeu de Paume \u00e0 Rubrouck (\u00e0 proximit\u00e9 du mus\u00e9e Guillaume de Rubrouck).<\/p>\n\n\n\n<p>Entr\u00e9e gratuite<\/p>\n\n\n\n<p><strong>15 HEURES 30 <\/strong>: Visite guid\u00e9e du mus\u00e9e (entr\u00e9e gratuite)<\/p>\n\n\n\n<p><\/p>\n\n\n\n<p>Contact : guillaumederubrouck@orange.fr<\/p>\n\n\n\n<p>T\u00e9l. : 06 40 08 66 07<\/p>\n\n\n\n<p><\/p>\n\n\n\n<p>ENTR\u00c9E GRATUITE<\/p>\n\n\n\n<p><\/p>\n\n\n\n<p><\/p>\n","protected":false},"excerpt":{"rendered":"<p>Dimanche 20 septembre 2026 14 H OO : Conf\u00e9rence par Pierre Bontoux \u00ab\u00a0De la tulipe \u00e0 la pomme de terre\u00a0\u00bb de Charles de l&rsquo;Ecluse. Charles de l&rsquo;Ecluse a \u00e9t\u00e9 le plus grand botaniste du XVI i\u00e8me si\u00e8cle. Il a notamment \u00e9tudi\u00e9 et diffus\u00e9 la tulipe en Europe ainsi que la pomme de terre avant Parmentier. [&hellip;]<\/p>\n","protected":false},"author":1,"featured_media":0,"comment_status":"closed","ping_status":"closed","sticky":false,"template":"","format":"standard","meta":{"footnotes":""},"categories":[1],"tags":[],"_links":{"self":[{"href":"https:\/\/guillaumederubrouck.fr\/index.php\/wp-json\/wp\/v2\/posts\/294"}],"collection":[{"href":"https:\/\/guillaumederubrouck.fr\/index.php\/wp-json\/wp\/v2\/posts"}],"about":[{"href":"https:\/\/guillaumederubrouck.fr\/index.php\/wp-json\/wp\/v2\/types\/post"}],"author":[{"embeddable":true,"href":"https:\/\/guillaumederubrouck.fr\/index.php\/wp-json\/wp\/v2\/users\/1"}],"replies":[{"embeddable":true,"href":"https:\/\/guillaumederubrouck.fr\/index.php\/wp-json\/wp\/v2\/comments?post=294"}],"version-history":[{"count":1,"href":"https:\/\/guillaumederubrouck.fr\/index.php\/wp-json\/wp\/v2\/posts\/294\/revisions"}],"predecessor-version":[{"id":295,"href":"https:\/\/guillaumederubrouck.fr\/index.php\/wp-json\/wp\/v2\/posts\/294\/revisions\/295"}],"wp:attachment":[{"href":"https:\/\/guillaumederubrouck.fr\/index.php\/wp-json\/wp\/v2\/media?parent=294"}],"wp:term":[{"taxonomy":"category","embeddable":true,"href":"https:\/\/guillaumederubrouck.fr\/index.php\/wp-json\/wp\/v2\/categories?post=294"},{"taxonomy":"post_tag","embeddable":true,"href":"https:\/\/guillaumederubrouck.fr\/index.php\/wp-json\/wp\/v2\/tags?post=294"}],"curies":[{"name":"wp","href":"https:\/\/api.w.org\/{rel}","templated":true}]}}